{"id":2358,"date":"2024-04-30T13:31:29","date_gmt":"2024-04-30T13:31:29","guid":{"rendered":"https:\/\/infopuls.redizajn.ba\/?post_type=blog&#038;p=2358"},"modified":"2024-06-04T11:25:14","modified_gmt":"2024-06-04T11:25:14","slug":"da-li-je-vasa-stanica-spremna-za-gdpr-uskladite-se-sa-gdpr-regulativama-sto-prije","status":"publish","type":"post","link":"https:\/\/infopuls.redizajn.ba\/en\/da-li-je-vasa-stanica-spremna-za-gdpr-uskladite-se-sa-gdpr-regulativama-sto-prije\/","title":{"rendered":"Is your site ready for GDPR? \u2013 Comply with GDPR regulations as soon as possible!"},"content":{"rendered":"<p>As is well known, the famous General Data Protection Regulation (GDPR) came into effect in May 2018. Likewise, most people are aware that this regulation applies to companies registered in the EU.<\/p>\n\n\n\n<p>Therefore, a large majority of those who are not from the EU, when hearing about GDPR, think:&nbsp;<\/p>\n\n\n\n<p>\"What do I care, this doesn't apply to my company... we're not in the EU! Finally, one good thing about not being wanted in the EU yet. :)\"<\/p>\n\n\n\n<p>But like everything in life, every coin has two sides...<br><\/p>\n\n\n\n<h4 class=\"wp-block-heading\"><strong>First, let's briefly define what GDPR is.<\/strong><\/h4>\n\n\n\n<p>The General Data Protection Regulation (GDPR) is a new legal framework that dictates how personal data of European Union citizens is used. More precisely, it is a regulation that outlines the management of personal data of EU citizens and residents.&nbsp;<\/p>\n\n\n\n<p>Every organization that processes data of EU citizens or individuals residing within the EU, regardless of their citizenship, must comply with the new rules on personal data protection.<\/p>\n\n\n\n<h4 class=\"wp-block-heading\"><strong>ery important \u2013 GDPR applies to companies outside the EU<\/strong><\/h4>\n\n\n\n<p>This regulation affects all companies with customers in the European Union, especially those engaged in online business, marketing, and numerous IT companies.<\/p>\n\n\n\n<p>In short, experts warn that \"GDPR affects not only companies based in the EU but also all companies that do business with the EU.\"<\/p>\n\n\n\n<h4 class=\"wp-block-heading\"><strong>What data is involved?<\/strong><\/h4>\n\n\n\n<p>Any data that provides access to a physical person. This includes obvious examples like name, personal ID number, email address, but also access to different websites, phone numbers... The most serious violation is the infringement of the rights of physical persons. Individuals have the right to data transparency, the ability to access their data, and the right to correct any errors in their data.<\/p>\n\n\n\n<h4 class=\"wp-block-heading\"><strong>Now we come to the most important question \u2013 is your site GDPR compliant?<\/strong><\/h4>\n\n\n\n<p>You can certainly find countless suggestions and advice on the internet about how to implement GDPR on your site.<\/p>\n\n\n\n<p>But if this is too complicated for you to follow, or you simply don't have the time to deal with GDPR, don't worry \u2013 InfoPuls is here \u2013 our team of experts offers FREE professional help with GDPR!<\/p>\n\n\n\n<p>Yes, you read that correctly... Free of charge :)<\/p>\n\n\n\n<p>All you need to do is fill out the web form below. After a thorough analysis of your site, our experts will inform you whether your web presentation is GDPR compliant or not.<\/p>\n\n\n\n<p>At the same time, we will provide you with a proposal on how to adapt to this GDPR \"bogeyman\" as quickly and painlessly as possible!<\/p>","protected":false},"excerpt":{"rendered":"<p>As is well known, the famous General Data Protection Regulation (GDPR) came into effect in May 2018. Likewise, most people are aware that this regulation applies to companies registered in the EU. Therefore, a large majority of those who are not from the EU.<span class=\"excerpt-hellip\"> [\u2026]<\/span><\/p>","protected":false},"author":3,"featured_media":2359,"comment_status":"closed","ping_status":"closed","sticky":false,"template":"","format":"standard","meta":{"_acf_changed":false,"inline_featured_image":false,"footnotes":""},"categories":[],"tags":[],"class_list":["post-2358","post","type-post","status-publish","format-standard","has-post-thumbnail","hentry"],"acf":[],"yoast_head":"<!-- This site is optimized with the Yoast SEO plugin v23.0 - https:\/\/yoast.com\/wordpress\/plugins\/seo\/ -->\n<title>Da li je va\u0161a stranica spremna za GDPR? \u2013 Uskladite se sada!<\/title>\n<meta name=\"description\" content=\"Saznajte sve o GDPR regulativi i za\u0161to je va\u017eno da va\u0161a kompanija bude uskla\u0111ena s njom. Besplatna pomo\u0107 od InfoPuls stru\u010dnjaka za GDPR prilago\u0111avanje.\" \/>\n<meta name=\"robots\" content=\"noindex, follow, max-snippet:-1, max-image-preview:large, max-video-preview:-1\" \/>\n<meta property=\"og:locale\" content=\"en_US\" \/>\n<meta property=\"og:type\" content=\"article\" \/>\n<meta property=\"og:title\" content=\"Da li je va\u0161a stranica spremna za GDPR? \u2013 Uskladite se sada!\" \/>\n<meta property=\"og:description\" content=\"Saznajte sve o GDPR regulativi i za\u0161to je va\u017eno da va\u0161a kompanija bude uskla\u0111ena s njom. Besplatna pomo\u0107 od InfoPuls stru\u010dnjaka za GDPR prilago\u0111avanje.\" \/>\n<meta property=\"og:url\" content=\"https:\/\/infopuls.redizajn.ba\/en\/da-li-je-vasa-stanica-spremna-za-gdpr-uskladite-se-sa-gdpr-regulativama-sto-prije\/\" \/>\n<meta property=\"og:site_name\" content=\"InfoPuls\" \/>\n<meta property=\"article:publisher\" content=\"https:\/\/www.facebook.com\/Infopulsbl\/\" \/>\n<meta property=\"article:published_time\" content=\"2024-04-30T13:31:29+00:00\" \/>\n<meta property=\"article:modified_time\" content=\"2024-06-04T11:25:14+00:00\" \/>\n<meta property=\"og:image\" content=\"https:\/\/infopuls.redizajn.ba\/wp-content\/uploads\/2024\/04\/gdpr-3385166_1280-356.jpg\" \/>\n\t<meta property=\"og:image:width\" content=\"1280\" \/>\n\t<meta property=\"og:image:height\" content=\"768\" \/>\n\t<meta property=\"og:image:type\" content=\"image\/jpeg\" \/>\n<meta name=\"author\" content=\"Stefan\" \/>\n<meta name=\"twitter:card\" content=\"summary_large_image\" \/>\n<meta name=\"twitter:label1\" content=\"Written by\" \/>\n\t<meta name=\"twitter:data1\" content=\"Stefan\" \/>\n\t<meta name=\"twitter:label2\" content=\"Est. reading time\" \/>\n\t<meta name=\"twitter:data2\" content=\"3 minutes\" \/>\n<script type=\"application\/ld+json\" class=\"yoast-schema-graph\">{\"@context\":\"https:\/\/schema.org\",\"@graph\":[{\"@type\":\"Article\",\"@id\":\"https:\/\/infopuls.redizajn.ba\/da-li-je-vasa-stanica-spremna-za-gdpr-uskladite-se-sa-gdpr-regulativama-sto-prije\/#article\",\"isPartOf\":{\"@id\":\"https:\/\/infopuls.redizajn.ba\/da-li-je-vasa-stanica-spremna-za-gdpr-uskladite-se-sa-gdpr-regulativama-sto-prije\/\"},\"author\":{\"name\":\"Stefan\",\"@id\":\"https:\/\/infopuls.redizajn.ba\/#\/schema\/person\/d83e6e0f4f45ad4e9929fc6ca1cb9b56\"},\"headline\":\"Da li je va\u0161a stanica spremna za GDPR? \u2013 Uskladite se sa GDPR regulativama \u0161to prije!\",\"datePublished\":\"2024-04-30T13:31:29+00:00\",\"dateModified\":\"2024-06-04T11:25:14+00:00\",\"mainEntityOfPage\":{\"@id\":\"https:\/\/infopuls.redizajn.ba\/da-li-je-vasa-stanica-spremna-za-gdpr-uskladite-se-sa-gdpr-regulativama-sto-prije\/\"},\"wordCount\":506,\"publisher\":{\"@id\":\"https:\/\/infopuls.redizajn.ba\/#organization\"},\"image\":{\"@id\":\"https:\/\/infopuls.redizajn.ba\/da-li-je-vasa-stanica-spremna-za-gdpr-uskladite-se-sa-gdpr-regulativama-sto-prije\/#primaryimage\"},\"thumbnailUrl\":\"https:\/\/infopuls.redizajn.ba\/wp-content\/uploads\/2024\/04\/gdpr-3385166_1280-356.jpg\",\"inLanguage\":\"en-US\"},{\"@type\":\"WebPage\",\"@id\":\"https:\/\/infopuls.redizajn.ba\/da-li-je-vasa-stanica-spremna-za-gdpr-uskladite-se-sa-gdpr-regulativama-sto-prije\/\",\"url\":\"https:\/\/infopuls.redizajn.ba\/da-li-je-vasa-stanica-spremna-za-gdpr-uskladite-se-sa-gdpr-regulativama-sto-prije\/\",\"name\":\"Da li je va\u0161a stranica spremna za GDPR? \u2013 Uskladite se sada!\",\"isPartOf\":{\"@id\":\"https:\/\/infopuls.redizajn.ba\/#website\"},\"primaryImageOfPage\":{\"@id\":\"https:\/\/infopuls.redizajn.ba\/da-li-je-vasa-stanica-spremna-za-gdpr-uskladite-se-sa-gdpr-regulativama-sto-prije\/#primaryimage\"},\"image\":{\"@id\":\"https:\/\/infopuls.redizajn.ba\/da-li-je-vasa-stanica-spremna-za-gdpr-uskladite-se-sa-gdpr-regulativama-sto-prije\/#primaryimage\"},\"thumbnailUrl\":\"https:\/\/infopuls.redizajn.ba\/wp-content\/uploads\/2024\/04\/gdpr-3385166_1280-356.jpg\",\"datePublished\":\"2024-04-30T13:31:29+00:00\",\"dateModified\":\"2024-06-04T11:25:14+00:00\",\"description\":\"Saznajte sve o GDPR regulativi i za\u0161to je va\u017eno da va\u0161a kompanija bude uskla\u0111ena s njom. Besplatna pomo\u0107 od InfoPuls stru\u010dnjaka za GDPR prilago\u0111avanje.\",\"inLanguage\":\"en-US\",\"potentialAction\":[{\"@type\":\"ReadAction\",\"target\":[\"https:\/\/infopuls.redizajn.ba\/da-li-je-vasa-stanica-spremna-za-gdpr-uskladite-se-sa-gdpr-regulativama-sto-prije\/\"]}]},{\"@type\":\"ImageObject\",\"inLanguage\":\"en-US\",\"@id\":\"https:\/\/infopuls.redizajn.ba\/da-li-je-vasa-stanica-spremna-za-gdpr-uskladite-se-sa-gdpr-regulativama-sto-prije\/#primaryimage\",\"url\":\"https:\/\/infopuls.redizajn.ba\/wp-content\/uploads\/2024\/04\/gdpr-3385166_1280-356.jpg\",\"contentUrl\":\"https:\/\/infopuls.redizajn.ba\/wp-content\/uploads\/2024\/04\/gdpr-3385166_1280-356.jpg\",\"width\":1280,\"height\":768},{\"@type\":\"WebSite\",\"@id\":\"https:\/\/infopuls.redizajn.ba\/#website\",\"url\":\"https:\/\/infopuls.redizajn.ba\/\",\"name\":\"InfoPuls\",\"description\":\"Modern Software Apps\",\"publisher\":{\"@id\":\"https:\/\/infopuls.redizajn.ba\/#organization\"},\"potentialAction\":[{\"@type\":\"SearchAction\",\"target\":{\"@type\":\"EntryPoint\",\"urlTemplate\":\"https:\/\/infopuls.redizajn.ba\/?s={search_term_string}\"},\"query-input\":\"required name=search_term_string\"}],\"inLanguage\":\"en-US\"},{\"@type\":\"Organization\",\"@id\":\"https:\/\/infopuls.redizajn.ba\/#organization\",\"name\":\"InfoPuls\",\"alternateName\":\"InfoPuls\",\"url\":\"https:\/\/infopuls.redizajn.ba\/\",\"logo\":{\"@type\":\"ImageObject\",\"inLanguage\":\"en-US\",\"@id\":\"https:\/\/infopuls.redizajn.ba\/#\/schema\/logo\/image\/\",\"url\":\"https:\/\/infopuls.redizajn.ba\/wp-content\/uploads\/2024\/04\/InfoPuls.svg\",\"contentUrl\":\"https:\/\/infopuls.redizajn.ba\/wp-content\/uploads\/2024\/04\/InfoPuls.svg\",\"width\":100,\"height\":100,\"caption\":\"InfoPuls\"},\"image\":{\"@id\":\"https:\/\/infopuls.redizajn.ba\/#\/schema\/logo\/image\/\"},\"sameAs\":[\"https:\/\/www.facebook.com\/Infopulsbl\/\"]},{\"@type\":\"Person\",\"@id\":\"https:\/\/infopuls.redizajn.ba\/#\/schema\/person\/d83e6e0f4f45ad4e9929fc6ca1cb9b56\",\"name\":\"Stefan\",\"image\":{\"@type\":\"ImageObject\",\"inLanguage\":\"en-US\",\"@id\":\"https:\/\/infopuls.redizajn.ba\/#\/schema\/person\/image\/\",\"url\":\"https:\/\/secure.gravatar.com\/avatar\/04a2d9fb5887b1e554cf0ecb30454b4435664e7bbba4cdd00b4e39b8d1573b64?s=96&d=mm&r=g\",\"contentUrl\":\"https:\/\/secure.gravatar.com\/avatar\/04a2d9fb5887b1e554cf0ecb30454b4435664e7bbba4cdd00b4e39b8d1573b64?s=96&d=mm&r=g\",\"caption\":\"Stefan\"},\"url\":\"https:\/\/infopuls.redizajn.ba\/en\/author\/stefan\/\"}]}<\/script>\n<!-- \/ Yoast SEO plugin. -->","yoast_head_json":{"title":"Da li je va\u0161a stranica spremna za GDPR? \u2013 Uskladite se sada!","description":"Saznajte sve o GDPR regulativi i za\u0161to je va\u017eno da va\u0161a kompanija bude uskla\u0111ena s njom. Besplatna pomo\u0107 od InfoPuls stru\u010dnjaka za GDPR prilago\u0111avanje.","robots":{"index":"noindex","follow":"follow","max-snippet":"max-snippet:-1","max-image-preview":"max-image-preview:large","max-video-preview":"max-video-preview:-1"},"og_locale":"en_US","og_type":"article","og_title":"Da li je va\u0161a stranica spremna za GDPR? \u2013 Uskladite se sada!","og_description":"Saznajte sve o GDPR regulativi i za\u0161to je va\u017eno da va\u0161a kompanija bude uskla\u0111ena s njom. Besplatna pomo\u0107 od InfoPuls stru\u010dnjaka za GDPR prilago\u0111avanje.","og_url":"https:\/\/infopuls.redizajn.ba\/en\/da-li-je-vasa-stanica-spremna-za-gdpr-uskladite-se-sa-gdpr-regulativama-sto-prije\/","og_site_name":"InfoPuls","article_publisher":"https:\/\/www.facebook.com\/Infopulsbl\/","article_published_time":"2024-04-30T13:31:29+00:00","article_modified_time":"2024-06-04T11:25:14+00:00","og_image":[{"width":1280,"height":768,"url":"https:\/\/infopuls.redizajn.ba\/wp-content\/uploads\/2024\/04\/gdpr-3385166_1280-356.jpg","type":"image\/jpeg"}],"author":"Stefan","twitter_card":"summary_large_image","twitter_misc":{"Written by":"Stefan","Est. reading time":"3 minutes"},"schema":{"@context":"https:\/\/schema.org","@graph":[{"@type":"Article","@id":"https:\/\/infopuls.redizajn.ba\/da-li-je-vasa-stanica-spremna-za-gdpr-uskladite-se-sa-gdpr-regulativama-sto-prije\/#article","isPartOf":{"@id":"https:\/\/infopuls.redizajn.ba\/da-li-je-vasa-stanica-spremna-za-gdpr-uskladite-se-sa-gdpr-regulativama-sto-prije\/"},"author":{"name":"Stefan","@id":"https:\/\/infopuls.redizajn.ba\/#\/schema\/person\/d83e6e0f4f45ad4e9929fc6ca1cb9b56"},"headline":"Da li je va\u0161a stanica spremna za GDPR? \u2013 Uskladite se sa GDPR regulativama \u0161to prije!","datePublished":"2024-04-30T13:31:29+00:00","dateModified":"2024-06-04T11:25:14+00:00","mainEntityOfPage":{"@id":"https:\/\/infopuls.redizajn.ba\/da-li-je-vasa-stanica-spremna-za-gdpr-uskladite-se-sa-gdpr-regulativama-sto-prije\/"},"wordCount":506,"publisher":{"@id":"https:\/\/infopuls.redizajn.ba\/#organization"},"image":{"@id":"https:\/\/infopuls.redizajn.ba\/da-li-je-vasa-stanica-spremna-za-gdpr-uskladite-se-sa-gdpr-regulativama-sto-prije\/#primaryimage"},"thumbnailUrl":"https:\/\/infopuls.redizajn.ba\/wp-content\/uploads\/2024\/04\/gdpr-3385166_1280-356.jpg","inLanguage":"en-US"},{"@type":"WebPage","@id":"https:\/\/infopuls.redizajn.ba\/da-li-je-vasa-stanica-spremna-za-gdpr-uskladite-se-sa-gdpr-regulativama-sto-prije\/","url":"https:\/\/infopuls.redizajn.ba\/da-li-je-vasa-stanica-spremna-za-gdpr-uskladite-se-sa-gdpr-regulativama-sto-prije\/","name":"Da li je va\u0161a stranica spremna za GDPR? \u2013 Uskladite se sada!","isPartOf":{"@id":"https:\/\/infopuls.redizajn.ba\/#website"},"primaryImageOfPage":{"@id":"https:\/\/infopuls.redizajn.ba\/da-li-je-vasa-stanica-spremna-za-gdpr-uskladite-se-sa-gdpr-regulativama-sto-prije\/#primaryimage"},"image":{"@id":"https:\/\/infopuls.redizajn.ba\/da-li-je-vasa-stanica-spremna-za-gdpr-uskladite-se-sa-gdpr-regulativama-sto-prije\/#primaryimage"},"thumbnailUrl":"https:\/\/infopuls.redizajn.ba\/wp-content\/uploads\/2024\/04\/gdpr-3385166_1280-356.jpg","datePublished":"2024-04-30T13:31:29+00:00","dateModified":"2024-06-04T11:25:14+00:00","description":"Saznajte sve o GDPR regulativi i za\u0161to je va\u017eno da va\u0161a kompanija bude uskla\u0111ena s njom. Besplatna pomo\u0107 od InfoPuls stru\u010dnjaka za GDPR prilago\u0111avanje.","inLanguage":"en-US","potentialAction":[{"@type":"ReadAction","target":["https:\/\/infopuls.redizajn.ba\/da-li-je-vasa-stanica-spremna-za-gdpr-uskladite-se-sa-gdpr-regulativama-sto-prije\/"]}]},{"@type":"ImageObject","inLanguage":"en-US","@id":"https:\/\/infopuls.redizajn.ba\/da-li-je-vasa-stanica-spremna-za-gdpr-uskladite-se-sa-gdpr-regulativama-sto-prije\/#primaryimage","url":"https:\/\/infopuls.redizajn.ba\/wp-content\/uploads\/2024\/04\/gdpr-3385166_1280-356.jpg","contentUrl":"https:\/\/infopuls.redizajn.ba\/wp-content\/uploads\/2024\/04\/gdpr-3385166_1280-356.jpg","width":1280,"height":768},{"@type":"WebSite","@id":"https:\/\/infopuls.redizajn.ba\/#website","url":"https:\/\/infopuls.redizajn.ba\/","name":"InfoPuls","description":"Modern Software Apps","publisher":{"@id":"https:\/\/infopuls.redizajn.ba\/#organization"},"potentialAction":[{"@type":"SearchAction","target":{"@type":"EntryPoint","urlTemplate":"https:\/\/infopuls.redizajn.ba\/?s={search_term_string}"},"query-input":"required name=search_term_string"}],"inLanguage":"en-US"},{"@type":"Organization","@id":"https:\/\/infopuls.redizajn.ba\/#organization","name":"InfoPuls","alternateName":"InfoPuls","url":"https:\/\/infopuls.redizajn.ba\/","logo":{"@type":"ImageObject","inLanguage":"en-US","@id":"https:\/\/infopuls.redizajn.ba\/#\/schema\/logo\/image\/","url":"https:\/\/infopuls.redizajn.ba\/wp-content\/uploads\/2024\/04\/InfoPuls.svg","contentUrl":"https:\/\/infopuls.redizajn.ba\/wp-content\/uploads\/2024\/04\/InfoPuls.svg","width":100,"height":100,"caption":"InfoPuls"},"image":{"@id":"https:\/\/infopuls.redizajn.ba\/#\/schema\/logo\/image\/"},"sameAs":["https:\/\/www.facebook.com\/Infopulsbl\/"]},{"@type":"Person","@id":"https:\/\/infopuls.redizajn.ba\/#\/schema\/person\/d83e6e0f4f45ad4e9929fc6ca1cb9b56","name":"Stefan","image":{"@type":"ImageObject","inLanguage":"en-US","@id":"https:\/\/infopuls.redizajn.ba\/#\/schema\/person\/image\/","url":"https:\/\/secure.gravatar.com\/avatar\/04a2d9fb5887b1e554cf0ecb30454b4435664e7bbba4cdd00b4e39b8d1573b64?s=96&d=mm&r=g","contentUrl":"https:\/\/secure.gravatar.com\/avatar\/04a2d9fb5887b1e554cf0ecb30454b4435664e7bbba4cdd00b4e39b8d1573b64?s=96&d=mm&r=g","caption":"Stefan"},"url":"https:\/\/infopuls.redizajn.ba\/en\/author\/stefan\/"}]}},"_links":{"self":[{"href":"https:\/\/infopuls.redizajn.ba\/en\/wp-json\/wp\/v2\/posts\/2358","targetHints":{"allow":["GET"]}}],"collection":[{"href":"https:\/\/infopuls.redizajn.ba\/en\/wp-json\/wp\/v2\/posts"}],"about":[{"href":"https:\/\/infopuls.redizajn.ba\/en\/wp-json\/wp\/v2\/types\/post"}],"author":[{"embeddable":true,"href":"https:\/\/infopuls.redizajn.ba\/en\/wp-json\/wp\/v2\/users\/3"}],"replies":[{"embeddable":true,"href":"https:\/\/infopuls.redizajn.ba\/en\/wp-json\/wp\/v2\/comments?post=2358"}],"version-history":[{"count":1,"href":"https:\/\/infopuls.redizajn.ba\/en\/wp-json\/wp\/v2\/posts\/2358\/revisions"}],"predecessor-version":[{"id":4883,"href":"https:\/\/infopuls.redizajn.ba\/en\/wp-json\/wp\/v2\/posts\/2358\/revisions\/4883"}],"wp:featuredmedia":[{"embeddable":true,"href":"https:\/\/infopuls.redizajn.ba\/en\/wp-json\/wp\/v2\/media\/2359"}],"wp:attachment":[{"href":"https:\/\/infopuls.redizajn.ba\/en\/wp-json\/wp\/v2\/media?parent=2358"}],"wp:term":[{"taxonomy":"category","embeddable":true,"href":"https:\/\/infopuls.redizajn.ba\/en\/wp-json\/wp\/v2\/categories?post=2358"},{"taxonomy":"post_tag","embeddable":true,"href":"https:\/\/infopuls.redizajn.ba\/en\/wp-json\/wp\/v2\/tags?post=2358"}],"curies":[{"name":"wp","href":"https:\/\/api.w.org\/{rel}","templated":true}]}}